{"id":3480,"date":"2026-09-03T09:35:11","date_gmt":"2026-09-03T09:35:11","guid":{"rendered":"https:\/\/ptepa.es\/?p=3480"},"modified":"2026-09-03T09:35:13","modified_gmt":"2026-09-03T09:35:13","slug":"conferencia-internacional-arvi-sobre-el-futuro-de-la-pesca-vigo-pontevedra-10-09-2026","status":"publish","type":"post","link":"https:\/\/ptepa.es\/index.php\/2026\/09\/03\/conferencia-internacional-arvi-sobre-el-futuro-de-la-pesca-vigo-pontevedra-10-09-2026\/","title":{"rendered":"Conferencia Internacional ARVI sobre el futuro de la pesca. Vigo (Pontevedra). 10\/09\/2026"},"content":{"rendered":"\n<h3 class=\"wp-block-heading\"><strong><em>La empresa pesquera del futuro: inversi\u00f3n, innovaci\u00f3n y relevo empresarial<\/em><\/strong><\/h3>\n\n\n\n<p class=\"wp-block-paragraph\">Se sit\u00faa el foco en uno de los grandes retos estrat\u00e9gicos del sector: la transformaci\u00f3n del modelo empresarial de la pesca. En un contexto marcado por la descarbonizaci\u00f3n, la digitalizaci\u00f3n, las nuevas exigencias financieras y de sostenibilidad, el acceso al capital y el relevo generacional se han convertido en factores determinantes para garantizar la competitividad y continuidad de las empresas pesqueras.<\/p>\n\n\n\n<p class=\"wp-block-paragraph\"><\/p>\n\n\n\n<p class=\"wp-block-paragraph\"><\/p>\n\n\n\n<div class=\"wp-block-columns is-layout-flex wp-container-core-columns-is-layout-8f761849 wp-block-columns-is-layout-flex\">\n<div class=\"wp-block-column is-layout-flow wp-block-column-is-layout-flow\">\n<h3 class=\"wp-block-heading\"><strong>Detalles<\/strong><\/h3>\n\n\n\n<p class=\"wp-block-paragraph\"><strong>Comienza:<\/strong> 10<strong>\/09\/2026 -09:30<\/strong><\/p>\n\n\n\n<p class=\"wp-block-paragraph\"><strong>Finaliza:<\/strong> <strong>10\/09\/2026 -15:00<\/strong><\/p>\n\n\n\n<p class=\"wp-block-paragraph\"><strong>Pagina Web<\/strong>:<a href=\"https:\/\/conferencia.arvi.org\/conferencia\/\">https:\/\/conferencia.arvi.org\/conferencia\/<\/a><\/p>\n\n\n\n<p class=\"wp-block-paragraph\"><strong>Inscripci\u00f3n<\/strong>: <a href=\"https:\/\/conferencia.arvi.org\/conferencia\/\" target=\"_blank\" rel=\"noreferrer noopener\">https:\/\/conferencia.arvi.org\/conferencia\/<\/a><\/p>\n<\/div>\n\n\n\n<div class=\"wp-block-column is-layout-flow wp-block-column-is-layout-flow\">\n<h3 class=\"wp-block-heading\"><strong>Organizador<\/strong><\/h3>\n\n\n\n<p class=\"wp-block-paragraph\"><strong><mark style=\"background-color:rgba(0, 0, 0, 0)\" class=\"has-inline-color has-vivid-cyan-blue-color\"><a href=\"https:\/\/www.conxemar.com\/es\/\" target=\"_blank\" rel=\"noreferrer noopener\">ARVI (Cooperativa de Armadores de Pesca del Puerto de Vigo)<\/a><\/mark><\/strong><\/p>\n\n\n\n<p class=\"wp-block-paragraph\"><\/p>\n\n\n\n<p class=\"wp-block-paragraph\"><strong>Evento gratuito previa inscripci\u00f3n.<\/strong><\/p>\n\n\n\n<p class=\"wp-block-paragraph\"><\/p>\n<\/div>\n<\/div>\n\n\n\n<div style=\"height:0px\" aria-hidden=\"true\" class=\"wp-block-spacer\"><\/div>\n\n\n\n<h3 class=\"wp-block-heading\"><strong>Lugar<\/strong><\/h3>\n\n\n\n<p class=\"wp-block-paragraph\">Sede de ARVI<\/p>\n\n\n\n<p class=\"wp-block-paragraph\">Puerto pesquero de Vigo, s\/n. 36202 Vigo (Pontevedra). Spain.<\/p>\n\n\n\n<div class=\"wp-block-gmap-gmap-block gmap-block-yao4elj2\"><iframe src=\"https:\/\/maps.google.com\/maps?q=arvi&amp;z=10&amp;t=roadmap&amp;output=embed\" class=\"embd-map\" title=\"arvi\"><\/iframe><\/div>\n","protected":false},"excerpt":{"rendered":"<p>La empresa pesquera del futuro: inversi\u00f3n, innovaci\u00f3n y relevo empresarial Se sit\u00faa el foco en uno de los grandes retos estrat\u00e9gicos del sector: la transformaci\u00f3n del modelo empresarial de la pesca. En un contexto marcado por la descarbonizaci\u00f3n, la digitalizaci\u00f3n, las nuevas exigencias financieras y de sostenibilidad, el acceso al capital y el relevo generacional [&hellip;]<\/p>\n","protected":false},"author":2,"featured_media":3482,"comment_status":"closed","ping_status":"closed","sticky":false,"template":"","format":"standard","meta":{"_et_pb_use_builder":"off","_et_pb_old_content":"","_et_gb_content_width":"","footnotes":""},"categories":[320],"tags":[],"class_list":["post-3480","post","type-post","status-publish","format-standard","has-post-thumbnail","hentry","category-eventos-actuales"],"yoast_head":"<!-- This site is optimized with the Yoast SEO plugin v27.4 - https:\/\/yoast.com\/product\/yoast-seo-wordpress\/ -->\n<title>Conferencia Internacional ARVI sobre el futuro de la pesca. Vigo (Pontevedra). 10\/09\/2026 - PTEPA<\/title>\n<meta name=\"robots\" content=\"noindex, follow, max-snippet:-1, max-image-preview:large, max-video-preview:-1\" \/>\n<meta property=\"og:locale\" content=\"es_ES\" \/>\n<meta property=\"og:type\" content=\"article\" \/>\n<meta property=\"og:title\" content=\"Conferencia Internacional ARVI sobre el futuro de la pesca. Vigo (Pontevedra). 10\/09\/2026 - PTEPA\" \/>\n<meta property=\"og:description\" content=\"La empresa pesquera del futuro: inversi\u00f3n, innovaci\u00f3n y relevo empresarial Se sit\u00faa el foco en uno de los grandes retos estrat\u00e9gicos del sector: la transformaci\u00f3n del modelo empresarial de la pesca. En un contexto marcado por la descarbonizaci\u00f3n, la digitalizaci\u00f3n, las nuevas exigencias financieras y de sostenibilidad, el acceso al capital y el relevo generacional [&hellip;]\" \/>\n<meta property=\"og:url\" content=\"https:\/\/ptepa.es\/index.php\/2026\/09\/03\/conferencia-internacional-arvi-sobre-el-futuro-de-la-pesca-vigo-pontevedra-10-09-2026\/\" \/>\n<meta property=\"og:site_name\" content=\"PTEPA\" \/>\n<meta property=\"article:author\" content=\"https:\/\/www.facebook.com\/profile.php?id=100067773094459&amp;locale=es_ES\" \/>\n<meta property=\"article:published_time\" content=\"2026-09-03T09:35:11+00:00\" \/>\n<meta property=\"article:modified_time\" content=\"2026-09-03T09:35:13+00:00\" \/>\n<meta property=\"og:image\" content=\"https:\/\/ptepa.es\/wp-content\/uploads\/2026\/09\/Imgen-web-conferencia-arvi.png\" \/>\n\t<meta property=\"og:image:width\" content=\"658\" \/>\n\t<meta property=\"og:image:height\" content=\"475\" \/>\n\t<meta property=\"og:image:type\" content=\"image\/png\" \/>\n<meta name=\"author\" content=\"Secretar\u00eda t\u00e9cnica\" \/>\n<meta name=\"twitter:card\" content=\"summary_large_image\" \/>\n<meta name=\"twitter:label1\" content=\"Escrito por\" \/>\n\t<meta name=\"twitter:data1\" content=\"Secretar\u00eda t\u00e9cnica\" \/>\n\t<meta name=\"twitter:label2\" content=\"Tiempo de lectura\" \/>\n\t<meta name=\"twitter:data2\" content=\"1 minuto\" \/>\n<script type=\"application\/ld+json\" class=\"yoast-schema-graph\">{\"@context\":\"https:\\\/\\\/schema.org\",\"@graph\":[{\"@type\":\"Article\",\"@id\":\"https:\\\/\\\/ptepa.es\\\/index.php\\\/2026\\\/09\\\/03\\\/conferencia-internacional-arvi-sobre-el-futuro-de-la-pesca-vigo-pontevedra-10-09-2026\\\/#article\",\"isPartOf\":{\"@id\":\"https:\\\/\\\/ptepa.es\\\/index.php\\\/2026\\\/09\\\/03\\\/conferencia-internacional-arvi-sobre-el-futuro-de-la-pesca-vigo-pontevedra-10-09-2026\\\/\"},\"author\":{\"name\":\"Secretar\u00eda t\u00e9cnica\",\"@id\":\"https:\\\/\\\/ptepa.es\\\/#\\\/schema\\\/person\\\/a3b546f02027e4593f1b1b1c68f0d05a\"},\"headline\":\"Conferencia Internacional ARVI sobre el futuro de la pesca. Vigo (Pontevedra). 10\\\/09\\\/2026\",\"datePublished\":\"2026-09-03T09:35:11+00:00\",\"dateModified\":\"2026-09-03T09:35:13+00:00\",\"mainEntityOfPage\":{\"@id\":\"https:\\\/\\\/ptepa.es\\\/index.php\\\/2026\\\/09\\\/03\\\/conferencia-internacional-arvi-sobre-el-futuro-de-la-pesca-vigo-pontevedra-10-09-2026\\\/\"},\"wordCount\":137,\"image\":{\"@id\":\"https:\\\/\\\/ptepa.es\\\/index.php\\\/2026\\\/09\\\/03\\\/conferencia-internacional-arvi-sobre-el-futuro-de-la-pesca-vigo-pontevedra-10-09-2026\\\/#primaryimage\"},\"thumbnailUrl\":\"https:\\\/\\\/ptepa.es\\\/wp-content\\\/uploads\\\/2026\\\/09\\\/Imgen-web-conferencia-arvi.png\",\"articleSection\":[\"Eventos Actuales\"],\"inLanguage\":\"es\"},{\"@type\":\"WebPage\",\"@id\":\"https:\\\/\\\/ptepa.es\\\/index.php\\\/2026\\\/09\\\/03\\\/conferencia-internacional-arvi-sobre-el-futuro-de-la-pesca-vigo-pontevedra-10-09-2026\\\/\",\"url\":\"https:\\\/\\\/ptepa.es\\\/index.php\\\/2026\\\/09\\\/03\\\/conferencia-internacional-arvi-sobre-el-futuro-de-la-pesca-vigo-pontevedra-10-09-2026\\\/\",\"name\":\"Conferencia Internacional ARVI sobre el futuro de la pesca. Vigo (Pontevedra). 10\\\/09\\\/2026 - PTEPA\",\"isPartOf\":{\"@id\":\"https:\\\/\\\/ptepa.es\\\/#website\"},\"primaryImageOfPage\":{\"@id\":\"https:\\\/\\\/ptepa.es\\\/index.php\\\/2026\\\/09\\\/03\\\/conferencia-internacional-arvi-sobre-el-futuro-de-la-pesca-vigo-pontevedra-10-09-2026\\\/#primaryimage\"},\"image\":{\"@id\":\"https:\\\/\\\/ptepa.es\\\/index.php\\\/2026\\\/09\\\/03\\\/conferencia-internacional-arvi-sobre-el-futuro-de-la-pesca-vigo-pontevedra-10-09-2026\\\/#primaryimage\"},\"thumbnailUrl\":\"https:\\\/\\\/ptepa.es\\\/wp-content\\\/uploads\\\/2026\\\/09\\\/Imgen-web-conferencia-arvi.png\",\"datePublished\":\"2026-09-03T09:35:11+00:00\",\"dateModified\":\"2026-09-03T09:35:13+00:00\",\"author\":{\"@id\":\"https:\\\/\\\/ptepa.es\\\/#\\\/schema\\\/person\\\/a3b546f02027e4593f1b1b1c68f0d05a\"},\"breadcrumb\":{\"@id\":\"https:\\\/\\\/ptepa.es\\\/index.php\\\/2026\\\/09\\\/03\\\/conferencia-internacional-arvi-sobre-el-futuro-de-la-pesca-vigo-pontevedra-10-09-2026\\\/#breadcrumb\"},\"inLanguage\":\"es\",\"potentialAction\":[{\"@type\":\"ReadAction\",\"target\":[\"https:\\\/\\\/ptepa.es\\\/index.php\\\/2026\\\/09\\\/03\\\/conferencia-internacional-arvi-sobre-el-futuro-de-la-pesca-vigo-pontevedra-10-09-2026\\\/\"]}]},{\"@type\":\"ImageObject\",\"inLanguage\":\"es\",\"@id\":\"https:\\\/\\\/ptepa.es\\\/index.php\\\/2026\\\/09\\\/03\\\/conferencia-internacional-arvi-sobre-el-futuro-de-la-pesca-vigo-pontevedra-10-09-2026\\\/#primaryimage\",\"url\":\"https:\\\/\\\/ptepa.es\\\/wp-content\\\/uploads\\\/2026\\\/09\\\/Imgen-web-conferencia-arvi.png\",\"contentUrl\":\"https:\\\/\\\/ptepa.es\\\/wp-content\\\/uploads\\\/2026\\\/09\\\/Imgen-web-conferencia-arvi.png\",\"width\":658,\"height\":475},{\"@type\":\"BreadcrumbList\",\"@id\":\"https:\\\/\\\/ptepa.es\\\/index.php\\\/2026\\\/09\\\/03\\\/conferencia-internacional-arvi-sobre-el-futuro-de-la-pesca-vigo-pontevedra-10-09-2026\\\/#breadcrumb\",\"itemListElement\":[{\"@type\":\"ListItem\",\"position\":1,\"name\":\"Portada\",\"item\":\"https:\\\/\\\/ptepa.es\\\/\"},{\"@type\":\"ListItem\",\"position\":2,\"name\":\"Conferencia Internacional ARVI sobre el futuro de la pesca. Vigo (Pontevedra). 10\\\/09\\\/2026\"}]},{\"@type\":\"WebSite\",\"@id\":\"https:\\\/\\\/ptepa.es\\\/#website\",\"url\":\"https:\\\/\\\/ptepa.es\\\/\",\"name\":\"PTEPA\",\"description\":\"Impulsando el sector pesquero\",\"potentialAction\":[{\"@type\":\"SearchAction\",\"target\":{\"@type\":\"EntryPoint\",\"urlTemplate\":\"https:\\\/\\\/ptepa.es\\\/?s={search_term_string}\"},\"query-input\":{\"@type\":\"PropertyValueSpecification\",\"valueRequired\":true,\"valueName\":\"search_term_string\"}}],\"inLanguage\":\"es\"},{\"@type\":\"Person\",\"@id\":\"https:\\\/\\\/ptepa.es\\\/#\\\/schema\\\/person\\\/a3b546f02027e4593f1b1b1c68f0d05a\",\"name\":\"Secretar\u00eda t\u00e9cnica\",\"image\":{\"@type\":\"ImageObject\",\"inLanguage\":\"es\",\"@id\":\"https:\\\/\\\/secure.gravatar.com\\\/avatar\\\/b05efae03f23b4b8f169c076e2593bccab580279b13c2ff776d3f373bde218c6?s=96&d=mm&r=g\",\"url\":\"https:\\\/\\\/secure.gravatar.com\\\/avatar\\\/b05efae03f23b4b8f169c076e2593bccab580279b13c2ff776d3f373bde218c6?s=96&d=mm&r=g\",\"contentUrl\":\"https:\\\/\\\/secure.gravatar.com\\\/avatar\\\/b05efae03f23b4b8f169c076e2593bccab580279b13c2ff776d3f373bde218c6?s=96&d=mm&r=g\",\"caption\":\"Secretar\u00eda t\u00e9cnica\"},\"sameAs\":[\"https:\\\/\\\/www.facebook.com\\\/profile.php?id=100067773094459&locale=es_ES\",\"@ptepa_\",\"https:\\\/\\\/www.linkedin.com\\\/company\\\/ptepa-plataforma-tecnologica\\\/\"],\"url\":\"https:\\\/\\\/ptepa.es\\\/index.php\\\/author\\\/ptepa\\\/\"}]}<\/script>\n<!-- \/ Yoast SEO plugin. -->","yoast_head_json":{"title":"Conferencia Internacional ARVI sobre el futuro de la pesca. Vigo (Pontevedra). 10\/09\/2026 - PTEPA","robots":{"index":"noindex","follow":"follow","max-snippet":"max-snippet:-1","max-image-preview":"max-image-preview:large","max-video-preview":"max-video-preview:-1"},"og_locale":"es_ES","og_type":"article","og_title":"Conferencia Internacional ARVI sobre el futuro de la pesca. Vigo (Pontevedra). 10\/09\/2026 - PTEPA","og_description":"La empresa pesquera del futuro: inversi\u00f3n, innovaci\u00f3n y relevo empresarial Se sit\u00faa el foco en uno de los grandes retos estrat\u00e9gicos del sector: la transformaci\u00f3n del modelo empresarial de la pesca. En un contexto marcado por la descarbonizaci\u00f3n, la digitalizaci\u00f3n, las nuevas exigencias financieras y de sostenibilidad, el acceso al capital y el relevo generacional [&hellip;]","og_url":"https:\/\/ptepa.es\/index.php\/2026\/09\/03\/conferencia-internacional-arvi-sobre-el-futuro-de-la-pesca-vigo-pontevedra-10-09-2026\/","og_site_name":"PTEPA","article_author":"https:\/\/www.facebook.com\/profile.php?id=100067773094459&locale=es_ES","article_published_time":"2026-09-03T09:35:11+00:00","article_modified_time":"2026-09-03T09:35:13+00:00","og_image":[{"width":658,"height":475,"url":"https:\/\/ptepa.es\/wp-content\/uploads\/2026\/09\/Imgen-web-conferencia-arvi.png","type":"image\/png"}],"author":"Secretar\u00eda t\u00e9cnica","twitter_card":"summary_large_image","twitter_misc":{"Escrito por":"Secretar\u00eda t\u00e9cnica","Tiempo de lectura":"1 minuto"},"schema":{"@context":"https:\/\/schema.org","@graph":[{"@type":"Article","@id":"https:\/\/ptepa.es\/index.php\/2026\/09\/03\/conferencia-internacional-arvi-sobre-el-futuro-de-la-pesca-vigo-pontevedra-10-09-2026\/#article","isPartOf":{"@id":"https:\/\/ptepa.es\/index.php\/2026\/09\/03\/conferencia-internacional-arvi-sobre-el-futuro-de-la-pesca-vigo-pontevedra-10-09-2026\/"},"author":{"name":"Secretar\u00eda t\u00e9cnica","@id":"https:\/\/ptepa.es\/#\/schema\/person\/a3b546f02027e4593f1b1b1c68f0d05a"},"headline":"Conferencia Internacional ARVI sobre el futuro de la pesca. Vigo (Pontevedra). 10\/09\/2026","datePublished":"2026-09-03T09:35:11+00:00","dateModified":"2026-09-03T09:35:13+00:00","mainEntityOfPage":{"@id":"https:\/\/ptepa.es\/index.php\/2026\/09\/03\/conferencia-internacional-arvi-sobre-el-futuro-de-la-pesca-vigo-pontevedra-10-09-2026\/"},"wordCount":137,"image":{"@id":"https:\/\/ptepa.es\/index.php\/2026\/09\/03\/conferencia-internacional-arvi-sobre-el-futuro-de-la-pesca-vigo-pontevedra-10-09-2026\/#primaryimage"},"thumbnailUrl":"https:\/\/ptepa.es\/wp-content\/uploads\/2026\/09\/Imgen-web-conferencia-arvi.png","articleSection":["Eventos Actuales"],"inLanguage":"es"},{"@type":"WebPage","@id":"https:\/\/ptepa.es\/index.php\/2026\/09\/03\/conferencia-internacional-arvi-sobre-el-futuro-de-la-pesca-vigo-pontevedra-10-09-2026\/","url":"https:\/\/ptepa.es\/index.php\/2026\/09\/03\/conferencia-internacional-arvi-sobre-el-futuro-de-la-pesca-vigo-pontevedra-10-09-2026\/","name":"Conferencia Internacional ARVI sobre el futuro de la pesca. Vigo (Pontevedra). 10\/09\/2026 - PTEPA","isPartOf":{"@id":"https:\/\/ptepa.es\/#website"},"primaryImageOfPage":{"@id":"https:\/\/ptepa.es\/index.php\/2026\/09\/03\/conferencia-internacional-arvi-sobre-el-futuro-de-la-pesca-vigo-pontevedra-10-09-2026\/#primaryimage"},"image":{"@id":"https:\/\/ptepa.es\/index.php\/2026\/09\/03\/conferencia-internacional-arvi-sobre-el-futuro-de-la-pesca-vigo-pontevedra-10-09-2026\/#primaryimage"},"thumbnailUrl":"https:\/\/ptepa.es\/wp-content\/uploads\/2026\/09\/Imgen-web-conferencia-arvi.png","datePublished":"2026-09-03T09:35:11+00:00","dateModified":"2026-09-03T09:35:13+00:00","author":{"@id":"https:\/\/ptepa.es\/#\/schema\/person\/a3b546f02027e4593f1b1b1c68f0d05a"},"breadcrumb":{"@id":"https:\/\/ptepa.es\/index.php\/2026\/09\/03\/conferencia-internacional-arvi-sobre-el-futuro-de-la-pesca-vigo-pontevedra-10-09-2026\/#breadcrumb"},"inLanguage":"es","potentialAction":[{"@type":"ReadAction","target":["https:\/\/ptepa.es\/index.php\/2026\/09\/03\/conferencia-internacional-arvi-sobre-el-futuro-de-la-pesca-vigo-pontevedra-10-09-2026\/"]}]},{"@type":"ImageObject","inLanguage":"es","@id":"https:\/\/ptepa.es\/index.php\/2026\/09\/03\/conferencia-internacional-arvi-sobre-el-futuro-de-la-pesca-vigo-pontevedra-10-09-2026\/#primaryimage","url":"https:\/\/ptepa.es\/wp-content\/uploads\/2026\/09\/Imgen-web-conferencia-arvi.png","contentUrl":"https:\/\/ptepa.es\/wp-content\/uploads\/2026\/09\/Imgen-web-conferencia-arvi.png","width":658,"height":475},{"@type":"BreadcrumbList","@id":"https:\/\/ptepa.es\/index.php\/2026\/09\/03\/conferencia-internacional-arvi-sobre-el-futuro-de-la-pesca-vigo-pontevedra-10-09-2026\/#breadcrumb","itemListElement":[{"@type":"ListItem","position":1,"name":"Portada","item":"https:\/\/ptepa.es\/"},{"@type":"ListItem","position":2,"name":"Conferencia Internacional ARVI sobre el futuro de la pesca. Vigo (Pontevedra). 10\/09\/2026"}]},{"@type":"WebSite","@id":"https:\/\/ptepa.es\/#website","url":"https:\/\/ptepa.es\/","name":"PTEPA","description":"Impulsando el sector pesquero","potentialAction":[{"@type":"SearchAction","target":{"@type":"EntryPoint","urlTemplate":"https:\/\/ptepa.es\/?s={search_term_string}"},"query-input":{"@type":"PropertyValueSpecification","valueRequired":true,"valueName":"search_term_string"}}],"inLanguage":"es"},{"@type":"Person","@id":"https:\/\/ptepa.es\/#\/schema\/person\/a3b546f02027e4593f1b1b1c68f0d05a","name":"Secretar\u00eda t\u00e9cnica","image":{"@type":"ImageObject","inLanguage":"es","@id":"https:\/\/secure.gravatar.com\/avatar\/b05efae03f23b4b8f169c076e2593bccab580279b13c2ff776d3f373bde218c6?s=96&d=mm&r=g","url":"https:\/\/secure.gravatar.com\/avatar\/b05efae03f23b4b8f169c076e2593bccab580279b13c2ff776d3f373bde218c6?s=96&d=mm&r=g","contentUrl":"https:\/\/secure.gravatar.com\/avatar\/b05efae03f23b4b8f169c076e2593bccab580279b13c2ff776d3f373bde218c6?s=96&d=mm&r=g","caption":"Secretar\u00eda t\u00e9cnica"},"sameAs":["https:\/\/www.facebook.com\/profile.php?id=100067773094459&locale=es_ES","@ptepa_","https:\/\/www.linkedin.com\/company\/ptepa-plataforma-tecnologica\/"],"url":"https:\/\/ptepa.es\/index.php\/author\/ptepa\/"}]}},"_links":{"self":[{"href":"https:\/\/ptepa.es\/index.php\/wp-json\/wp\/v2\/posts\/3480","targetHints":{"allow":["GET"]}}],"collection":[{"href":"https:\/\/ptepa.es\/index.php\/wp-json\/wp\/v2\/posts"}],"about":[{"href":"https:\/\/ptepa.es\/index.php\/wp-json\/wp\/v2\/types\/post"}],"author":[{"embeddable":true,"href":"https:\/\/ptepa.es\/index.php\/wp-json\/wp\/v2\/users\/2"}],"replies":[{"embeddable":true,"href":"https:\/\/ptepa.es\/index.php\/wp-json\/wp\/v2\/comments?post=3480"}],"version-history":[{"count":1,"href":"https:\/\/ptepa.es\/index.php\/wp-json\/wp\/v2\/posts\/3480\/revisions"}],"predecessor-version":[{"id":3483,"href":"https:\/\/ptepa.es\/index.php\/wp-json\/wp\/v2\/posts\/3480\/revisions\/3483"}],"wp:featuredmedia":[{"embeddable":true,"href":"https:\/\/ptepa.es\/index.php\/wp-json\/wp\/v2\/media\/3482"}],"wp:attachment":[{"href":"https:\/\/ptepa.es\/index.php\/wp-json\/wp\/v2\/media?parent=3480"}],"wp:term":[{"taxonomy":"category","embeddable":true,"href":"https:\/\/ptepa.es\/index.php\/wp-json\/wp\/v2\/categories?post=3480"},{"taxonomy":"post_tag","embeddable":true,"href":"https:\/\/ptepa.es\/index.php\/wp-json\/wp\/v2\/tags?post=3480"}],"curies":[{"name":"wp","href":"https:\/\/api.w.org\/{rel}","templated":true}]}}